{"id":33881,"date":"2024-12-07T15:13:30","date_gmt":"2024-12-07T15:13:30","guid":{"rendered":"https:\/\/www.oceanautic.es\/blog\/the-nao-victoria-visits-benalmadena-and-malaga-in-december\/"},"modified":"2024-12-07T15:13:30","modified_gmt":"2024-12-07T15:13:30","slug":"the-nao-victoria-visits-benalmadena-and-malaga-in-december","status":"publish","type":"post","link":"https:\/\/www.oceanautic.es\/en\/blog\/the-nao-victoria-visits-benalmadena-and-malaga-in-december\/","title":{"rendered":"The Nao Victoria visits Benalm\u00e1dena and M\u00e1laga in December"},"content":{"rendered":"<p><strong>The Nao Victoria visits Benalm\u00e1dena and M\u00e1laga in December<\/strong><\/p>\n<p class=\"v-a-sub-t\">The replica of the vessel that circumnavigated the globe five centuries ago will dock at the marina, and during that time, visitors will be able to explore all its details.<\/p>\n<p><img loading=\"lazy\" decoding=\"async\" class=\"aligncenter wp-image-25315 size-shop_single\" src=\"https:\/\/www.oceanautic.es\/wp-content\/uploads\/2024\/12\/naovictoria2-768x512-1-600x400.jpg\" alt=\"\" width=\"600\" height=\"400\" srcset=\"https:\/\/www.oceanautic.es\/wp-content\/uploads\/2024\/12\/naovictoria2-768x512-1-600x400.jpg 600w, https:\/\/www.oceanautic.es\/wp-content\/uploads\/2024\/12\/naovictoria2-768x512-1-300x200.jpg 300w, https:\/\/www.oceanautic.es\/wp-content\/uploads\/2024\/12\/naovictoria2-768x512-1-18x12.jpg 18w, https:\/\/www.oceanautic.es\/wp-content\/uploads\/2024\/12\/naovictoria2-768x512-1.jpg 768w\" sizes=\"auto, (max-width: 600px) 100vw, 600px\" \/><\/p>\n<p class=\"v-p\">The <strong>Nao Victoria<\/strong> will visit <strong>Benalm\u00e1dena<\/strong> between December 4 and 7, docking at the marina. During those three days, it will open its doors so that anyone interested can learn about the details of this legendary vessel, which will be open continuously from 10:00 AM to 6:30 PM. <\/p>\n<p>From December 12, 2024, to January 12, 2025, you can visit it in the area of  <strong>Muelle Uno at the Port of M\u00e1laga<\/strong>.<\/p>\n<p class=\"v-p\">It is worth noting that the Nao Victoria is a replica of the ship that, five centuries ago, captained by Magellan and Elcano, starred in the greatest maritime adventure of all time. The vessel is a true masterpiece of Spanish traditional shipbuilding, combined with meticulous historical accuracy that respects every detail of the original. Since its construction, it has already completed immense voyages across the planet. Between 2004 and 2006, it completed its own circumnavigation, sailing more than 26,000 nautical miles and stopping in 17 countries; since then, it has not stopped sailing the world, undertaking major cultural tours and receiving countless visitors along the way.  <\/p>\n<p>In 2021, it already visited Benalm\u00e1dena to commemorate the 5th Centenary of the First Circumnavigation of the World. At that time, it also spent several days docked at the marina. <\/p>\n<p><strong>Ticket prices<\/strong><\/p>\n<p><em>Children under 5 years old<\/em>: Free<\/p>\n<p><em>Children from 5 to 10 years old<\/em>: \u20ac3<\/p>\n<p><em>Adults (over 10 years old)<\/em>: \u20ac6<\/p>\n<p><em>Families (2 adults and up to 3 children between 5 and 10 years old):<\/em> \u20ac15<\/p>\n<p>Tickets can be purchased online at the official website <a href=\"https:\/\/tickets.fundacionnaovictoria.org\/\">https:\/\/tickets.fundacionnaovictoria.org<\/a><\/p>\n<p><span style=\"font-weight: 400;\">If you enjoy our content, we recommend reading the blog post \u201c<\/span><a href=\"https:\/\/www.oceanautic.es\/en\/blog\/boat-licenses-and-types-of-navigation-licenses\/\"><span style=\"font-weight: 400;\">Boat licenses and types of navigation permits<\/span><\/a><span style=\"font-weight: 400;\">\u201d<\/span><\/p>\n","protected":false},"excerpt":{"rendered":"<p>The Nao Victoria visits Benalm\u00e1dena and M\u00e1laga in December The replica of the vessel that circumnavigated the globe five centuries ago will dock at the marina, and during that time, visitors will be able to explore all its details. The Nao Victoria will visit Benalm\u00e1dena between December 4 and 7, docking at the marina. During&#8230;<\/p>\n","protected":false},"author":2,"featured_media":33882,"comment_status":"closed","ping_status":"open","sticky":false,"template":"","format":"standard","meta":{"footnotes":""},"categories":[88],"tags":[],"class_list":["post-33881","post","type-post","status-publish","format-standard","has-post-thumbnail","hentry","category-nautical"],"yoast_head":"<!-- This site is optimized with the Yoast SEO plugin v27.5 - https:\/\/yoast.com\/product\/yoast-seo-wordpress\/ -->\n<title>The Nao Victoria visits Benalm\u00e1dena and M\u00e1laga in December | OceaNautic<\/title>\n<meta name=\"description\" content=\"Discover the details about the Nao Victoria&#039;s stopover in Benalm\u00e1dena and M\u00e1laga, where it will open its doors to the public for several days\u2705\" \/>\n<meta name=\"robots\" content=\"index, follow, max-snippet:-1, max-image-preview:large, max-video-preview:-1\" \/>\n<link rel=\"canonical\" href=\"https:\/\/www.oceanautic.es\/en\/blog\/the-nao-victoria-visits-benalmadena-and-malaga-in-december\/\" \/>\n<meta property=\"og:locale\" content=\"en_US\" \/>\n<meta property=\"og:type\" content=\"article\" \/>\n<meta property=\"og:title\" content=\"The Nao Victoria visits Benalm\u00e1dena and M\u00e1laga in December | OceaNautic\" \/>\n<meta property=\"og:description\" content=\"Discover the details about the Nao Victoria&#039;s stopover in Benalm\u00e1dena and M\u00e1laga, where it will open its doors to the public for several days\u2705\" \/>\n<meta property=\"og:url\" content=\"https:\/\/www.oceanautic.es\/en\/blog\/the-nao-victoria-visits-benalmadena-and-malaga-in-december\/\" \/>\n<meta property=\"og:site_name\" content=\"OceaNautic\" \/>\n<meta property=\"article:publisher\" content=\"https:\/\/www.facebook.com\/oceanautic.club\" \/>\n<meta property=\"article:published_time\" content=\"2024-12-07T15:13:30+00:00\" \/>\n<meta property=\"og:image\" content=\"https:\/\/www.oceanautic.es\/wp-content\/uploads\/2024\/12\/IMG_9023.jpg\" \/>\n\t<meta property=\"og:image:width\" content=\"1206\" \/>\n\t<meta property=\"og:image:height\" content=\"1202\" \/>\n\t<meta property=\"og:image:type\" content=\"image\/jpeg\" \/>\n<meta name=\"author\" content=\"Juan Francisco\" \/>\n<meta name=\"twitter:card\" content=\"summary_large_image\" \/>\n<meta name=\"twitter:creator\" content=\"@oceanautic\" \/>\n<meta name=\"twitter:site\" content=\"@oceanautic\" \/>\n<meta name=\"twitter:label1\" content=\"Written by\" \/>\n\t<meta name=\"twitter:data1\" content=\"Juan Francisco\" \/>\n\t<meta name=\"twitter:label2\" content=\"Est. reading time\" \/>\n\t<meta name=\"twitter:data2\" content=\"1 minute\" \/>\n<script type=\"application\/ld+json\" class=\"yoast-schema-graph\">{\"@context\":\"https:\\\/\\\/schema.org\",\"@graph\":[{\"@type\":\"Article\",\"@id\":\"https:\\\/\\\/www.oceanautic.es\\\/en\\\/blog\\\/the-nao-victoria-visits-benalmadena-and-malaga-in-december\\\/#article\",\"isPartOf\":{\"@id\":\"https:\\\/\\\/www.oceanautic.es\\\/en\\\/blog\\\/the-nao-victoria-visits-benalmadena-and-malaga-in-december\\\/\"},\"author\":{\"name\":\"Juan Francisco\",\"@id\":\"https:\\\/\\\/www.oceanautic.es\\\/#\\\/schema\\\/person\\\/3012a77756677bf8ce5ba04129d41624\"},\"headline\":\"The Nao Victoria visits Benalm\u00e1dena and M\u00e1laga in December\",\"datePublished\":\"2024-12-07T15:13:30+00:00\",\"mainEntityOfPage\":{\"@id\":\"https:\\\/\\\/www.oceanautic.es\\\/en\\\/blog\\\/the-nao-victoria-visits-benalmadena-and-malaga-in-december\\\/\"},\"wordCount\":306,\"publisher\":{\"@id\":\"https:\\\/\\\/www.oceanautic.es\\\/#organization\"},\"image\":{\"@id\":\"https:\\\/\\\/www.oceanautic.es\\\/en\\\/blog\\\/the-nao-victoria-visits-benalmadena-and-malaga-in-december\\\/#primaryimage\"},\"thumbnailUrl\":\"https:\\\/\\\/www.oceanautic.es\\\/wp-content\\\/uploads\\\/2024\\\/12\\\/IMG_9023.jpg\",\"articleSection\":[\"Nautical\"],\"inLanguage\":\"en-US\"},{\"@type\":\"WebPage\",\"@id\":\"https:\\\/\\\/www.oceanautic.es\\\/en\\\/blog\\\/the-nao-victoria-visits-benalmadena-and-malaga-in-december\\\/\",\"url\":\"https:\\\/\\\/www.oceanautic.es\\\/en\\\/blog\\\/the-nao-victoria-visits-benalmadena-and-malaga-in-december\\\/\",\"name\":\"The Nao Victoria visits Benalm\u00e1dena and M\u00e1laga in December | OceaNautic\",\"isPartOf\":{\"@id\":\"https:\\\/\\\/www.oceanautic.es\\\/#website\"},\"primaryImageOfPage\":{\"@id\":\"https:\\\/\\\/www.oceanautic.es\\\/en\\\/blog\\\/the-nao-victoria-visits-benalmadena-and-malaga-in-december\\\/#primaryimage\"},\"image\":{\"@id\":\"https:\\\/\\\/www.oceanautic.es\\\/en\\\/blog\\\/the-nao-victoria-visits-benalmadena-and-malaga-in-december\\\/#primaryimage\"},\"thumbnailUrl\":\"https:\\\/\\\/www.oceanautic.es\\\/wp-content\\\/uploads\\\/2024\\\/12\\\/IMG_9023.jpg\",\"datePublished\":\"2024-12-07T15:13:30+00:00\",\"description\":\"Discover the details about the Nao Victoria's stopover in Benalm\u00e1dena and M\u00e1laga, where it will open its doors to the public for several days\u2705\",\"breadcrumb\":{\"@id\":\"https:\\\/\\\/www.oceanautic.es\\\/en\\\/blog\\\/the-nao-victoria-visits-benalmadena-and-malaga-in-december\\\/#breadcrumb\"},\"inLanguage\":\"en-US\",\"potentialAction\":[{\"@type\":\"ReadAction\",\"target\":[\"https:\\\/\\\/www.oceanautic.es\\\/en\\\/blog\\\/the-nao-victoria-visits-benalmadena-and-malaga-in-december\\\/\"]}]},{\"@type\":\"ImageObject\",\"inLanguage\":\"en-US\",\"@id\":\"https:\\\/\\\/www.oceanautic.es\\\/en\\\/blog\\\/the-nao-victoria-visits-benalmadena-and-malaga-in-december\\\/#primaryimage\",\"url\":\"https:\\\/\\\/www.oceanautic.es\\\/wp-content\\\/uploads\\\/2024\\\/12\\\/IMG_9023.jpg\",\"contentUrl\":\"https:\\\/\\\/www.oceanautic.es\\\/wp-content\\\/uploads\\\/2024\\\/12\\\/IMG_9023.jpg\",\"width\":1206,\"height\":1202},{\"@type\":\"BreadcrumbList\",\"@id\":\"https:\\\/\\\/www.oceanautic.es\\\/en\\\/blog\\\/the-nao-victoria-visits-benalmadena-and-malaga-in-december\\\/#breadcrumb\",\"itemListElement\":[{\"@type\":\"ListItem\",\"position\":1,\"name\":\"Portada\",\"item\":\"https:\\\/\\\/www.oceanautic.es\\\/en\\\/home\\\/\"},{\"@type\":\"ListItem\",\"position\":2,\"name\":\"The Nao Victoria visits Benalm\u00e1dena and M\u00e1laga in December\"}]},{\"@type\":\"WebSite\",\"@id\":\"https:\\\/\\\/www.oceanautic.es\\\/#website\",\"url\":\"https:\\\/\\\/www.oceanautic.es\\\/\",\"name\":\"OceaNautic\",\"description\":\"\",\"publisher\":{\"@id\":\"https:\\\/\\\/www.oceanautic.es\\\/#organization\"},\"potentialAction\":[{\"@type\":\"SearchAction\",\"target\":{\"@type\":\"EntryPoint\",\"urlTemplate\":\"https:\\\/\\\/www.oceanautic.es\\\/?s={search_term_string}\"},\"query-input\":{\"@type\":\"PropertyValueSpecification\",\"valueRequired\":true,\"valueName\":\"search_term_string\"}}],\"inLanguage\":\"en-US\"},{\"@type\":\"Organization\",\"@id\":\"https:\\\/\\\/www.oceanautic.es\\\/#organization\",\"name\":\"OceaNautic\",\"url\":\"https:\\\/\\\/www.oceanautic.es\\\/\",\"logo\":{\"@type\":\"ImageObject\",\"inLanguage\":\"en-US\",\"@id\":\"https:\\\/\\\/www.oceanautic.es\\\/#\\\/schema\\\/logo\\\/image\\\/\",\"url\":\"https:\\\/\\\/www.oceanautic.es\\\/wp-content\\\/uploads\\\/2020\\\/03\\\/logo-footer.jpg\",\"contentUrl\":\"https:\\\/\\\/www.oceanautic.es\\\/wp-content\\\/uploads\\\/2020\\\/03\\\/logo-footer.jpg\",\"width\":162,\"height\":113,\"caption\":\"OceaNautic\"},\"image\":{\"@id\":\"https:\\\/\\\/www.oceanautic.es\\\/#\\\/schema\\\/logo\\\/image\\\/\"},\"sameAs\":[\"https:\\\/\\\/www.facebook.com\\\/oceanautic.club\",\"https:\\\/\\\/x.com\\\/oceanautic\",\"https:\\\/\\\/www.instagram.com\\\/oceanautic\\\/\"]},{\"@type\":\"Person\",\"@id\":\"https:\\\/\\\/www.oceanautic.es\\\/#\\\/schema\\\/person\\\/3012a77756677bf8ce5ba04129d41624\",\"name\":\"Juan Francisco\",\"image\":{\"@type\":\"ImageObject\",\"inLanguage\":\"en-US\",\"@id\":\"https:\\\/\\\/secure.gravatar.com\\\/avatar\\\/50c9b13466ddcb950730113c47480fa4ef9b4510cfdc1279ebc57a32278c4aec?s=96&d=mm&r=g\",\"url\":\"https:\\\/\\\/secure.gravatar.com\\\/avatar\\\/50c9b13466ddcb950730113c47480fa4ef9b4510cfdc1279ebc57a32278c4aec?s=96&d=mm&r=g\",\"contentUrl\":\"https:\\\/\\\/secure.gravatar.com\\\/avatar\\\/50c9b13466ddcb950730113c47480fa4ef9b4510cfdc1279ebc57a32278c4aec?s=96&d=mm&r=g\",\"caption\":\"Juan Francisco\"},\"sameAs\":[\"https:\\\/\\\/www.oceanautic.es\\\/\"]}]}<\/script>\n<!-- \/ Yoast SEO plugin. -->","yoast_head_json":{"title":"The Nao Victoria visits Benalm\u00e1dena and M\u00e1laga in December | OceaNautic","description":"Discover the details about the Nao Victoria's stopover in Benalm\u00e1dena and M\u00e1laga, where it will open its doors to the public for several days\u2705","robots":{"index":"index","follow":"follow","max-snippet":"max-snippet:-1","max-image-preview":"max-image-preview:large","max-video-preview":"max-video-preview:-1"},"canonical":"https:\/\/www.oceanautic.es\/en\/blog\/the-nao-victoria-visits-benalmadena-and-malaga-in-december\/","og_locale":"en_US","og_type":"article","og_title":"The Nao Victoria visits Benalm\u00e1dena and M\u00e1laga in December | OceaNautic","og_description":"Discover the details about the Nao Victoria's stopover in Benalm\u00e1dena and M\u00e1laga, where it will open its doors to the public for several days\u2705","og_url":"https:\/\/www.oceanautic.es\/en\/blog\/the-nao-victoria-visits-benalmadena-and-malaga-in-december\/","og_site_name":"OceaNautic","article_publisher":"https:\/\/www.facebook.com\/oceanautic.club","article_published_time":"2024-12-07T15:13:30+00:00","og_image":[{"width":1206,"height":1202,"url":"https:\/\/www.oceanautic.es\/wp-content\/uploads\/2024\/12\/IMG_9023.jpg","type":"image\/jpeg"}],"author":"Juan Francisco","twitter_card":"summary_large_image","twitter_creator":"@oceanautic","twitter_site":"@oceanautic","twitter_misc":{"Written by":"Juan Francisco","Est. reading time":"1 minute"},"schema":{"@context":"https:\/\/schema.org","@graph":[{"@type":"Article","@id":"https:\/\/www.oceanautic.es\/en\/blog\/the-nao-victoria-visits-benalmadena-and-malaga-in-december\/#article","isPartOf":{"@id":"https:\/\/www.oceanautic.es\/en\/blog\/the-nao-victoria-visits-benalmadena-and-malaga-in-december\/"},"author":{"name":"Juan Francisco","@id":"https:\/\/www.oceanautic.es\/#\/schema\/person\/3012a77756677bf8ce5ba04129d41624"},"headline":"The Nao Victoria visits Benalm\u00e1dena and M\u00e1laga in December","datePublished":"2024-12-07T15:13:30+00:00","mainEntityOfPage":{"@id":"https:\/\/www.oceanautic.es\/en\/blog\/the-nao-victoria-visits-benalmadena-and-malaga-in-december\/"},"wordCount":306,"publisher":{"@id":"https:\/\/www.oceanautic.es\/#organization"},"image":{"@id":"https:\/\/www.oceanautic.es\/en\/blog\/the-nao-victoria-visits-benalmadena-and-malaga-in-december\/#primaryimage"},"thumbnailUrl":"https:\/\/www.oceanautic.es\/wp-content\/uploads\/2024\/12\/IMG_9023.jpg","articleSection":["Nautical"],"inLanguage":"en-US"},{"@type":"WebPage","@id":"https:\/\/www.oceanautic.es\/en\/blog\/the-nao-victoria-visits-benalmadena-and-malaga-in-december\/","url":"https:\/\/www.oceanautic.es\/en\/blog\/the-nao-victoria-visits-benalmadena-and-malaga-in-december\/","name":"The Nao Victoria visits Benalm\u00e1dena and M\u00e1laga in December | OceaNautic","isPartOf":{"@id":"https:\/\/www.oceanautic.es\/#website"},"primaryImageOfPage":{"@id":"https:\/\/www.oceanautic.es\/en\/blog\/the-nao-victoria-visits-benalmadena-and-malaga-in-december\/#primaryimage"},"image":{"@id":"https:\/\/www.oceanautic.es\/en\/blog\/the-nao-victoria-visits-benalmadena-and-malaga-in-december\/#primaryimage"},"thumbnailUrl":"https:\/\/www.oceanautic.es\/wp-content\/uploads\/2024\/12\/IMG_9023.jpg","datePublished":"2024-12-07T15:13:30+00:00","description":"Discover the details about the Nao Victoria's stopover in Benalm\u00e1dena and M\u00e1laga, where it will open its doors to the public for several days\u2705","breadcrumb":{"@id":"https:\/\/www.oceanautic.es\/en\/blog\/the-nao-victoria-visits-benalmadena-and-malaga-in-december\/#breadcrumb"},"inLanguage":"en-US","potentialAction":[{"@type":"ReadAction","target":["https:\/\/www.oceanautic.es\/en\/blog\/the-nao-victoria-visits-benalmadena-and-malaga-in-december\/"]}]},{"@type":"ImageObject","inLanguage":"en-US","@id":"https:\/\/www.oceanautic.es\/en\/blog\/the-nao-victoria-visits-benalmadena-and-malaga-in-december\/#primaryimage","url":"https:\/\/www.oceanautic.es\/wp-content\/uploads\/2024\/12\/IMG_9023.jpg","contentUrl":"https:\/\/www.oceanautic.es\/wp-content\/uploads\/2024\/12\/IMG_9023.jpg","width":1206,"height":1202},{"@type":"BreadcrumbList","@id":"https:\/\/www.oceanautic.es\/en\/blog\/the-nao-victoria-visits-benalmadena-and-malaga-in-december\/#breadcrumb","itemListElement":[{"@type":"ListItem","position":1,"name":"Portada","item":"https:\/\/www.oceanautic.es\/en\/home\/"},{"@type":"ListItem","position":2,"name":"The Nao Victoria visits Benalm\u00e1dena and M\u00e1laga in December"}]},{"@type":"WebSite","@id":"https:\/\/www.oceanautic.es\/#website","url":"https:\/\/www.oceanautic.es\/","name":"OceaNautic","description":"","publisher":{"@id":"https:\/\/www.oceanautic.es\/#organization"},"potentialAction":[{"@type":"SearchAction","target":{"@type":"EntryPoint","urlTemplate":"https:\/\/www.oceanautic.es\/?s={search_term_string}"},"query-input":{"@type":"PropertyValueSpecification","valueRequired":true,"valueName":"search_term_string"}}],"inLanguage":"en-US"},{"@type":"Organization","@id":"https:\/\/www.oceanautic.es\/#organization","name":"OceaNautic","url":"https:\/\/www.oceanautic.es\/","logo":{"@type":"ImageObject","inLanguage":"en-US","@id":"https:\/\/www.oceanautic.es\/#\/schema\/logo\/image\/","url":"https:\/\/www.oceanautic.es\/wp-content\/uploads\/2020\/03\/logo-footer.jpg","contentUrl":"https:\/\/www.oceanautic.es\/wp-content\/uploads\/2020\/03\/logo-footer.jpg","width":162,"height":113,"caption":"OceaNautic"},"image":{"@id":"https:\/\/www.oceanautic.es\/#\/schema\/logo\/image\/"},"sameAs":["https:\/\/www.facebook.com\/oceanautic.club","https:\/\/x.com\/oceanautic","https:\/\/www.instagram.com\/oceanautic\/"]},{"@type":"Person","@id":"https:\/\/www.oceanautic.es\/#\/schema\/person\/3012a77756677bf8ce5ba04129d41624","name":"Juan Francisco","image":{"@type":"ImageObject","inLanguage":"en-US","@id":"https:\/\/secure.gravatar.com\/avatar\/50c9b13466ddcb950730113c47480fa4ef9b4510cfdc1279ebc57a32278c4aec?s=96&d=mm&r=g","url":"https:\/\/secure.gravatar.com\/avatar\/50c9b13466ddcb950730113c47480fa4ef9b4510cfdc1279ebc57a32278c4aec?s=96&d=mm&r=g","contentUrl":"https:\/\/secure.gravatar.com\/avatar\/50c9b13466ddcb950730113c47480fa4ef9b4510cfdc1279ebc57a32278c4aec?s=96&d=mm&r=g","caption":"Juan Francisco"},"sameAs":["https:\/\/www.oceanautic.es\/"]}]}},"_links":{"self":[{"href":"https:\/\/www.oceanautic.es\/en\/wp-json\/wp\/v2\/posts\/33881","targetHints":{"allow":["GET"]}}],"collection":[{"href":"https:\/\/www.oceanautic.es\/en\/wp-json\/wp\/v2\/posts"}],"about":[{"href":"https:\/\/www.oceanautic.es\/en\/wp-json\/wp\/v2\/types\/post"}],"author":[{"embeddable":true,"href":"https:\/\/www.oceanautic.es\/en\/wp-json\/wp\/v2\/users\/2"}],"replies":[{"embeddable":true,"href":"https:\/\/www.oceanautic.es\/en\/wp-json\/wp\/v2\/comments?post=33881"}],"version-history":[{"count":0,"href":"https:\/\/www.oceanautic.es\/en\/wp-json\/wp\/v2\/posts\/33881\/revisions"}],"wp:featuredmedia":[{"embeddable":true,"href":"https:\/\/www.oceanautic.es\/en\/wp-json\/wp\/v2\/media\/33882"}],"wp:attachment":[{"href":"https:\/\/www.oceanautic.es\/en\/wp-json\/wp\/v2\/media?parent=33881"}],"wp:term":[{"taxonomy":"category","embeddable":true,"href":"https:\/\/www.oceanautic.es\/en\/wp-json\/wp\/v2\/categories?post=33881"},{"taxonomy":"post_tag","embeddable":true,"href":"https:\/\/www.oceanautic.es\/en\/wp-json\/wp\/v2\/tags?post=33881"}],"curies":[{"name":"wp","href":"https:\/\/api.w.org\/{rel}","templated":true}]}}